{"id":219845,"date":"2018-04-26T10:10:58","date_gmt":"2018-04-26T10:10:58","guid":{"rendered":"http:\/\/newsroom.gindumac.com\/?p=219845"},"modified":"2019-05-09T13:53:16","modified_gmt":"2019-05-09T13:53:16","slug":"gindumac-auf-der-jahreshauptversammlung-des-vdwf-e-v","status":"publish","type":"post","link":"https:\/\/newsroom.gindumac.com\/de\/gindumac-auf-der-jahreshauptversammlung-des-vdwf-e-v\/","title":{"rendered":"GINDUMAC auf der Jahreshauptversammlung des VDWF e.V."},"content":{"rendered":"<p>[et_pb_section bb_built=&#8220;1&#8243; _builder_version=&#8220;3.0.47&#8243; next_background_color=&#8220;#000000&#8243;][et_pb_row _builder_version=&#8220;3.0.48&#8243; background_size=&#8220;initial&#8220; background_position=&#8220;top_left&#8220; background_repeat=&#8220;repeat&#8220;][et_pb_column type=&#8220;4_4&#8243;][et_pb_post_title author=&#8220;off&#8220; comments=&#8220;off&#8220; _builder_version=&#8220;3.21&#8243; title_font_size=&#8220;48px&#8220; text_orientation=&#8220;center&#8220;]<\/p>\n<p><\/p>\n<p>[\/et_pb_post_title][\/et_pb_column][\/et_pb_row][\/et_pb_section][et_pb_section bb_built=&#8220;1&#8243; _builder_version=&#8220;3.0.47&#8243; prev_background_color=&#8220;#000000&#8243; next_background_color=&#8220;#000000&#8243;][et_pb_row admin_label=&#8220;Body Text&#8220; _builder_version=&#8220;3.21&#8243; custom_padding=&#8220;40px|0px|54px|0px|false|false&#8220;][et_pb_column type=&#8220;4_4&#8243;][et_pb_text admin_label=&#8220;Body Text&#8220; _builder_version=&#8220;3.21&#8243; text_font_size=&#8220;18px&#8220; text_orientation=&#8220;justified&#8220;]<\/p>\n<div class=\"et_pb_module et_pb_text et_pb_text_0 et_pb_bg_layout_light et_pb_text_align_left\">\n<div class=\"et_pb_text_inner\">\n<p>Aichach, Deutschland \u2013 26\/04\/2018<\/p>\n<\/div>\n<\/div>\n<div class=\"et_pb_module et_pb_text et_pb_text_1 et_pb_bg_layout_light et_pb_text_align_left\">\n<div class=\"et_pb_text_inner\">\n<p><strong>Als Mitglied des VDWF e.V. \u2013 Verband Deutscher Werkzeug- und Formenbau e.V. \u2013 nahmen wir an der Jahreshauptversammlung des Verbandes am 26. April 2018 bei Deckerform in Aichach teil.<\/strong><span>\u00a0<\/span>Rund 150 Mitglieder sind nach Aichach gekommen, um ihre Kollegen aus ganz Deutschland, aber auch aus \u00d6sterreich, der Schweiz und Liechtenstein zu treffen. Professor Thomas Seul, Pr\u00e4sident, und Ralf D\u00fcrrw\u00e4chter, Gesch\u00e4ftsf\u00fchrer des Verbands, zeigten die aktuelle positive Entwicklung des Verbands auf. Als besonderes Highlight wurde pr\u00e4sentiert, dass der VDWF mit dem zweiten Platz im Wettbewerb \u201eVerein des Jahres 2018\u201c in der Kategorie \u201eReform und Management\u201c der Deutschen Gesellschaft f\u00fcr Verbandsmanagement (DGVM) in Berlin ausgezeichnet wurde \u2013 nur eine der vielen j\u00fcngsten Erfolgsgeschichten des VDWF. Der Verband genie\u00dft das volle Vertrauen seiner Mitglieder, was sich in der einstimmigen Wiederwahl des Vorstandes durch die anwesenden VDWF-Mitglieder zeigte.<\/p>\n<\/div>\n<\/div>\n<p>[\/et_pb_text][\/et_pb_column][\/et_pb_row][et_pb_row custom_padding=&#8220;30px|0px|29px|0px|false|false&#8220; _builder_version=&#8220;3.0.48&#8243; background_size=&#8220;initial&#8220; background_position=&#8220;top_left&#8220; background_repeat=&#8220;repeat&#8220;][et_pb_column type=&#8220;4_4&#8243;][et_pb_image src=&#8220;https:\/\/newsroom.gindumac.com\/wp-content\/uploads\/2018\/04\/GM_Newsroom_JHV-MW_3.png&#8220; _builder_version=&#8220;3.21&#8243;]<\/p>\n<p><\/p>\n<p>[\/et_pb_image][\/et_pb_column][\/et_pb_row][\/et_pb_section][et_pb_section bb_built=&#8220;1&#8243; _builder_version=&#8220;3.0.47&#8243; prev_background_color=&#8220;#000000&#8243; next_background_color=&#8220;#000000&#8243;][et_pb_row _builder_version=&#8220;3.0.48&#8243; background_size=&#8220;initial&#8220; background_position=&#8220;top_left&#8220; background_repeat=&#8220;repeat&#8220; custom_padding=&#8220;40px|0px|54px|0px|false|false&#8220;][et_pb_column type=&#8220;4_4&#8243;][et_pb_text admin_label=&#8220;Body Text&#8220; _builder_version=&#8220;3.21&#8243; text_font_size=&#8220;18px&#8220; text_orientation=&#8220;justified&#8220;]<\/p>\n<p><strong>F\u00fcr GINDUMAC war Benedikt Ruf, Mitgr\u00fcnder &amp; Gesch\u00e4ftsf\u00fchrer, dabei. Es war uns eine gro\u00dfe Ehre, gemeinsam mit Jens L\u00fcdtke, Leiter Tebis Consulting, das Projekt \u201eMarktspiegel Werkzeugbau\u201c vorstellen zu d\u00fcrfen.\u00a0<\/strong>Tebis und wir werden das Projekt gemeinsam mit dem VDWF im Mai dieses Jahres mit einem ausgew\u00e4hlten Kreis von Werkzeug- und Formenbauern starten. Als GINDUMAC wollen wir unsere Expertise im Bereich Digital Entrepreneurship und Marketing aktiv einbringen, um eine neue Markttransparenz zu schaffen und den Werkzeug- und Formenbauern im Verband umsetzbare Handlungsempfehlungen zu geben. Mehr \u00fcber das Projekt in den n\u00e4chsten Monaten.<\/p>\n<p>Mehr zu Tebis Consulting auf\u00a0<span style=\"color: #232f3e;\"><a style=\"color: #232f3e;\" href=\"https:\/\/www.tebis.com\/de\/services\/consulting\/\" target=\"_blank\" rel=\"noopener noreferrer\"><strong>www.tebis.de<\/strong><\/a>.<\/span><\/p>\n<p>Mehr zum VDWF e.V. auf\u00a0<span style=\"color: #232f3e;\"><a style=\"color: #232f3e;\" href=\"http:\/\/www.vdwf.de\/\" target=\"_blank\" rel=\"noopener noreferrer\"><strong>www.vdwf.de<\/strong><\/a>.<\/span><\/p>\n<p>[\/et_pb_text][\/et_pb_column][\/et_pb_row][\/et_pb_section][et_pb_section bb_built=&#8220;1&#8243; _builder_version=&#8220;3.0.74&#8243; custom_margin=&#8220;0px||0px|&#8220; custom_padding=&#8220;0px||0px|&#8220; prev_background_color=&#8220;#000000&#8243; next_background_color=&#8220;#232f3e&#8220; global_module=&#8220;215057&#8243;][et_pb_row global_parent=&#8220;215057&#8243; custom_padding=&#8220;30px|||&#8220; custom_margin=&#8220;0px|||&#8220; _builder_version=&#8220;3.0.74&#8243;][et_pb_column type=&#8220;4_4&#8243;][et_pb_post_nav global_parent=&#8220;215057&#8243; in_same_term=&#8220;off&#8220; prev_text=&#8220;Vorheriger Artikel&#8220; next_text=&#8220;N\u00e4chster Artikel&#8220; _builder_version=&#8220;3.21&#8243; title_font=&#8220;|on|||&#8220; title_text_color=&#8220;#232f3e&#8220; border_style=&#8220;solid&#8220; \/][\/et_pb_column][\/et_pb_row][\/et_pb_section][et_pb_section bb_built=&#8220;1&#8243; background_color=&#8220;#232f3e&#8220; _builder_version=&#8220;3.21&#8243; custom_padding=&#8220;54px|0px|0px|0px&#8220; prev_background_color=&#8220;#ffffff&#8220; global_module=&#8220;213239&#8243;][et_pb_row global_parent=&#8220;213239&#8243; make_fullwidth=&#8220;on&#8220; padding_top_4=&#8220;0px&#8220; _builder_version=&#8220;3.21&#8243;][et_pb_column type=&#8220;1_4&#8243;][et_pb_text global_parent=&#8220;213239&#8243; background_layout=&#8220;dark&#8220; _builder_version=&#8220;3.21&#8243; border_style=&#8220;solid&#8220;]<\/p>\n<p><strong>El newsroom de GINDUMAC<br \/><\/strong>Dise\u00f1ado por expertos en maquinaria de segunda mano<\/p>\n<p>GINDUMAC GmbH<br \/>Trippstadter Strasse 110<br \/>67663 Kaiserslautern<br \/>Alemania<\/p>\n<p>[\/et_pb_text][\/et_pb_column][et_pb_column type=&#8220;1_4&#8243;][et_pb_text global_parent=&#8220;213239&#8243; background_layout=&#8220;dark&#8220; _builder_version=&#8220;3.21&#8243;]<\/p>\n<p><strong>Compra y vende maquinaria de segunda mano<br \/><\/strong>Visita <a href=\"http:\/\/www.gindumac.es\" target=\"_blank\" rel=\"noopener noreferrer\">www.gindumac.es<\/a><\/p>\n<p><a href=\"https:\/\/www.gindumac.es\/venta\/paso-1\">Vende<\/a><br \/><a href=\"https:\/\/www.gindumac.es\/productos\">Compra<\/a><\/p>\n<p>[\/et_pb_text][\/et_pb_column][et_pb_column type=&#8220;1_4&#8243;][et_pb_text global_parent=&#8220;213239&#8243; background_layout=&#8220;dark&#8220; _builder_version=&#8220;3.21&#8243;]<\/p>\n<p><strong>Prensa<br \/><\/strong>Queremos compartir nuestras novedades contigo<\/p>\n<p><a href=\"https:\/\/newsroom.gindumac.com\/es\/area-de-prensa\/\" target=\"_blank\" rel=\"noopener noreferrer\">\u00c1rea de prensa<br \/><\/a><a href=\"https:\/\/newsroom.gindumac.com\/es\/area-de-prensa\/press-releases\/\" target=\"_blank\" rel=\"noopener noreferrer\">Comunicados de prensa<br \/><\/a><a href=\"https:\/\/newsroom.gindumac.com\/es\/area-de-prensa\/materiales-de-prensa\/\" target=\"_blank\" rel=\"noopener noreferrer\">Materiales de prensa<\/a><\/p>\n<p>[\/et_pb_text][\/et_pb_column][et_pb_column type=&#8220;1_4&#8243;][et_pb_text global_parent=&#8220;213239&#8243; background_layout=&#8220;dark&#8220; _builder_version=&#8220;3.21&#8243; module_alignment=&#8220;center&#8220;]<\/p>\n<p><strong>S\u00edguenos en redes sociales<\/strong><\/p>\n<p>[\/et_pb_text][et_pb_social_media_follow global_parent=&#8220;213239&#8243; url_new_window=&#8220;off&#8220; _builder_version=&#8220;3.0.74&#8243; text_orientation=&#8220;left&#8220; custom_margin=&#8220;0px|0px|0px|0px&#8220; custom_padding=&#8220;0px|0px|0px|0px&#8220; border_radii=&#8220;on|3px|3px|3px|3px&#8220;][et_pb_social_media_follow_network social_network=&#8220;facebook&#8220; url=&#8220;http:\/\/www.facebook.com\/gindumac&#8220; _builder_version=&#8220;3.0.74&#8243; background_color=&#8220;#3b5998&#8243; link_shape=&#8220;rounded_rectangle&#8220; follow_button=&#8220;off&#8220; url_new_window=&#8220;off&#8220;]Facebook[\/et_pb_social_media_follow_network][et_pb_social_media_follow_network social_network=&#8220;twitter&#8220; url=&#8220;http:\/\/www.twitter.com\/gindumac&#8220; _builder_version=&#8220;3.0.74&#8243; background_color=&#8220;#00aced&#8220; link_shape=&#8220;rounded_rectangle&#8220; follow_button=&#8220;off&#8220; url_new_window=&#8220;off&#8220;]Twitter[\/et_pb_social_media_follow_network][et_pb_social_media_follow_network social_network=&#8220;instagram&#8220; url=&#8220;http:\/\/www.instagram.com\/gindumac&#8220; _builder_version=&#8220;3.0.74&#8243; background_color=&#8220;#517fa4&#8243; link_shape=&#8220;rounded_rectangle&#8220; follow_button=&#8220;off&#8220; url_new_window=&#8220;off&#8220;]Instagram[\/et_pb_social_media_follow_network][et_pb_social_media_follow_network social_network=&#8220;linkedin&#8220; url=&#8220;https:\/\/www.linkedin.com\/company\/10917397\/&#8220; _builder_version=&#8220;3.0.74&#8243; background_color=&#8220;#007bb6&#8243; link_shape=&#8220;rounded_rectangle&#8220; follow_button=&#8220;off&#8220; url_new_window=&#8220;off&#8220;]LinkedIn[\/et_pb_social_media_follow_network][\/et_pb_social_media_follow][\/et_pb_column][\/et_pb_row][et_pb_row global_parent=&#8220;213239&#8243; _builder_version=&#8220;3.21&#8243; background_size=&#8220;initial&#8220; background_position=&#8220;top_left&#8220; background_repeat=&#8220;repeat&#8220; _i=&#8220;1&#8243; _address=&#8220;5.1&#8243;][et_pb_column type=&#8220;4_4&#8243;][et_pb_text global_parent=&#8220;213239&#8243; background_layout=&#8220;dark&#8220; _builder_version=&#8220;3.21&#8243; border_style=&#8220;solid&#8220;]<\/p>\n<p style=\"text-align: center;\"><a href=\"http:\/\/www.gindumac.es\/privacidad\">Pol\u00edtica de privacidad &#8211;\u00a0<\/a><a href=\"http:\/\/www.gindumac.es\/aviso-legal\">Aviso legal<\/a><\/p>\n<p>[\/et_pb_text][\/et_pb_column][\/et_pb_row][\/et_pb_section]<\/p>\n","protected":false},"excerpt":{"rendered":"<p>Als Mitglied des VDWF e.V. &#8211; Verband Deutscher Werkzeug- und Formenbau e.V. &#8211; nahmen wir an der Jahreshauptversammlung des&#8230;<\/p>\n","protected":false},"author":4,"featured_media":224989,"comment_status":"closed","ping_status":"closed","sticky":false,"template":"","format":"standard","meta":{"_et_pb_use_builder":"on","_et_pb_old_content":"","_et_gb_content_width":""},"categories":[25],"tags":[],"yoast_head":"<!-- This site is optimized with the Yoast SEO plugin v20.1 - https:\/\/yoast.com\/wordpress\/plugins\/seo\/ -->\n<title>GINDUMAC auf der Jahreshauptversammlung des VDWF e.V.<\/title>\n<meta name=\"description\" content=\"Als Mitglied des VDWF e.V. - Verband Deutscher Werkzeug- und Formenbau e.V. - nahmen wir an der Jahreshauptversammlung des Verbandes am 26. April 2018 bei Deckerform in Aichach teil.\" \/>\n<meta name=\"robots\" content=\"index, follow, max-snippet:-1, max-image-preview:large, max-video-preview:-1\" \/>\n<link rel=\"canonical\" href=\"https:\/\/newsroom.gindumac.com\/de\/gindumac-auf-der-jahreshauptversammlung-des-vdwf-e-v\/\" \/>\n<meta property=\"og:locale\" content=\"de_DE\" \/>\n<meta property=\"og:type\" content=\"article\" \/>\n<meta property=\"og:title\" content=\"GINDUMAC auf der Jahreshauptversammlung des VDWF e.V.\" \/>\n<meta property=\"og:description\" content=\"Als Mitglied des VDWF e.V. - Verband Deutscher Werkzeug- und Formenbau e.V. - nahmen wir an der Jahreshauptversammlung des Verbandes am 26. April 2018 bei Deckerform in Aichach teil.\" \/>\n<meta property=\"og:url\" content=\"https:\/\/newsroom.gindumac.com\/de\/gindumac-auf-der-jahreshauptversammlung-des-vdwf-e-v\/\" \/>\n<meta property=\"og:site_name\" content=\"The GINDUMAC Newsroom\" \/>\n<meta property=\"article:published_time\" content=\"2018-04-26T10:10:58+00:00\" \/>\n<meta property=\"article:modified_time\" content=\"2019-05-09T13:53:16+00:00\" \/>\n<meta property=\"og:image\" content=\"https:\/\/newsroom.gindumac.com\/wp-content\/uploads\/2018\/12\/GM_Newsroom_JHV-MW.png\" \/>\n\t<meta property=\"og:image:width\" content=\"1080\" \/>\n\t<meta property=\"og:image:height\" content=\"675\" \/>\n\t<meta property=\"og:image:type\" content=\"image\/png\" \/>\n<meta name=\"author\" content=\"Benedikt Ruf\" \/>\n<meta name=\"twitter:card\" content=\"summary_large_image\" \/>\n<meta name=\"twitter:title\" content=\"GINDUMAC auf der Jahreshauptversammlung des VDWF e.V.\" \/>\n<meta name=\"twitter:description\" content=\"Als Mitglied des VDWF e.V. - Verband Deutscher Werkzeug- und Formenbau e.V. - nahmen wir an der Jahreshauptversammlung des Verbandes am 26. April 2018 bei Deckerform in Aichach teil.\" \/>\n<meta name=\"twitter:label1\" content=\"Verfasst von\" \/>\n\t<meta name=\"twitter:data1\" content=\"Benedikt Ruf\" \/>\n\t<meta name=\"twitter:label2\" content=\"Gesch\u00e4tzte Lesezeit\" \/>\n\t<meta name=\"twitter:data2\" content=\"5\u00a0Minuten\" \/>\n<script type=\"application\/ld+json\" class=\"yoast-schema-graph\">{\"@context\":\"https:\/\/schema.org\",\"@graph\":[{\"@type\":\"WebPage\",\"@id\":\"https:\/\/newsroom.gindumac.com\/de\/gindumac-auf-der-jahreshauptversammlung-des-vdwf-e-v\/\",\"url\":\"https:\/\/newsroom.gindumac.com\/de\/gindumac-auf-der-jahreshauptversammlung-des-vdwf-e-v\/\",\"name\":\"GINDUMAC auf der Jahreshauptversammlung des VDWF e.V.\",\"isPartOf\":{\"@id\":\"https:\/\/newsroom.gindumac.com\/#website\"},\"datePublished\":\"2018-04-26T10:10:58+00:00\",\"dateModified\":\"2019-05-09T13:53:16+00:00\",\"author\":{\"@id\":\"https:\/\/newsroom.gindumac.com\/#\/schema\/person\/00f05ee0504897b1f4c4c07d96104ff0\"},\"description\":\"Als Mitglied des VDWF e.V. - Verband Deutscher Werkzeug- und Formenbau e.V. - nahmen wir an der Jahreshauptversammlung des Verbandes am 26. April 2018 bei Deckerform in Aichach teil.\",\"breadcrumb\":{\"@id\":\"https:\/\/newsroom.gindumac.com\/de\/gindumac-auf-der-jahreshauptversammlung-des-vdwf-e-v\/#breadcrumb\"},\"inLanguage\":\"de\",\"potentialAction\":[{\"@type\":\"ReadAction\",\"target\":[\"https:\/\/newsroom.gindumac.com\/de\/gindumac-auf-der-jahreshauptversammlung-des-vdwf-e-v\/\"]}]},{\"@type\":\"BreadcrumbList\",\"@id\":\"https:\/\/newsroom.gindumac.com\/de\/gindumac-auf-der-jahreshauptversammlung-des-vdwf-e-v\/#breadcrumb\",\"itemListElement\":[{\"@type\":\"ListItem\",\"position\":1,\"name\":\"Home\",\"item\":\"https:\/\/newsroom.gindumac.com\/de\/\"},{\"@type\":\"ListItem\",\"position\":2,\"name\":\"GINDUMAC auf der Jahreshauptversammlung des VDWF e.V.\"}]},{\"@type\":\"WebSite\",\"@id\":\"https:\/\/newsroom.gindumac.com\/#website\",\"url\":\"https:\/\/newsroom.gindumac.com\/\",\"name\":\"The GINDUMAC Newsroom\",\"description\":\"Used Machinery News &amp; Stories\",\"potentialAction\":[{\"@type\":\"SearchAction\",\"target\":{\"@type\":\"EntryPoint\",\"urlTemplate\":\"https:\/\/newsroom.gindumac.com\/?s={search_term_string}\"},\"query-input\":\"required name=search_term_string\"}],\"inLanguage\":\"de\"},{\"@type\":\"Person\",\"@id\":\"https:\/\/newsroom.gindumac.com\/#\/schema\/person\/00f05ee0504897b1f4c4c07d96104ff0\",\"name\":\"Benedikt Ruf\",\"image\":{\"@type\":\"ImageObject\",\"inLanguage\":\"de\",\"@id\":\"https:\/\/newsroom.gindumac.com\/#\/schema\/person\/image\/\",\"url\":\"https:\/\/secure.gravatar.com\/avatar\/e00a1bf650869f5eaa285aeea8763ab2?s=96&d=mm&r=g\",\"contentUrl\":\"https:\/\/secure.gravatar.com\/avatar\/e00a1bf650869f5eaa285aeea8763ab2?s=96&d=mm&r=g\",\"caption\":\"Benedikt Ruf\"},\"url\":\"https:\/\/newsroom.gindumac.com\/de\/author\/b-rufgindumac-com\/\"}]}<\/script>\n<!-- \/ Yoast SEO plugin. -->","yoast_head_json":{"title":"GINDUMAC auf der Jahreshauptversammlung des VDWF e.V.","description":"Als Mitglied des VDWF e.V. - Verband Deutscher Werkzeug- und Formenbau e.V. - nahmen wir an der Jahreshauptversammlung des Verbandes am 26. April 2018 bei Deckerform in Aichach teil.","robots":{"index":"index","follow":"follow","max-snippet":"max-snippet:-1","max-image-preview":"max-image-preview:large","max-video-preview":"max-video-preview:-1"},"canonical":"https:\/\/newsroom.gindumac.com\/de\/gindumac-auf-der-jahreshauptversammlung-des-vdwf-e-v\/","og_locale":"de_DE","og_type":"article","og_title":"GINDUMAC auf der Jahreshauptversammlung des VDWF e.V.","og_description":"Als Mitglied des VDWF e.V. - Verband Deutscher Werkzeug- und Formenbau e.V. - nahmen wir an der Jahreshauptversammlung des Verbandes am 26. April 2018 bei Deckerform in Aichach teil.","og_url":"https:\/\/newsroom.gindumac.com\/de\/gindumac-auf-der-jahreshauptversammlung-des-vdwf-e-v\/","og_site_name":"The GINDUMAC Newsroom","article_published_time":"2018-04-26T10:10:58+00:00","article_modified_time":"2019-05-09T13:53:16+00:00","og_image":[{"width":1080,"height":675,"url":"https:\/\/newsroom.gindumac.com\/wp-content\/uploads\/2018\/12\/GM_Newsroom_JHV-MW.png","type":"image\/png"}],"author":"Benedikt Ruf","twitter_card":"summary_large_image","twitter_title":"GINDUMAC auf der Jahreshauptversammlung des VDWF e.V.","twitter_description":"Als Mitglied des VDWF e.V. - Verband Deutscher Werkzeug- und Formenbau e.V. - nahmen wir an der Jahreshauptversammlung des Verbandes am 26. April 2018 bei Deckerform in Aichach teil.","twitter_misc":{"Verfasst von":"Benedikt Ruf","Gesch\u00e4tzte Lesezeit":"5\u00a0Minuten"},"schema":{"@context":"https:\/\/schema.org","@graph":[{"@type":"WebPage","@id":"https:\/\/newsroom.gindumac.com\/de\/gindumac-auf-der-jahreshauptversammlung-des-vdwf-e-v\/","url":"https:\/\/newsroom.gindumac.com\/de\/gindumac-auf-der-jahreshauptversammlung-des-vdwf-e-v\/","name":"GINDUMAC auf der Jahreshauptversammlung des VDWF e.V.","isPartOf":{"@id":"https:\/\/newsroom.gindumac.com\/#website"},"datePublished":"2018-04-26T10:10:58+00:00","dateModified":"2019-05-09T13:53:16+00:00","author":{"@id":"https:\/\/newsroom.gindumac.com\/#\/schema\/person\/00f05ee0504897b1f4c4c07d96104ff0"},"description":"Als Mitglied des VDWF e.V. - Verband Deutscher Werkzeug- und Formenbau e.V. - nahmen wir an der Jahreshauptversammlung des Verbandes am 26. April 2018 bei Deckerform in Aichach teil.","breadcrumb":{"@id":"https:\/\/newsroom.gindumac.com\/de\/gindumac-auf-der-jahreshauptversammlung-des-vdwf-e-v\/#breadcrumb"},"inLanguage":"de","potentialAction":[{"@type":"ReadAction","target":["https:\/\/newsroom.gindumac.com\/de\/gindumac-auf-der-jahreshauptversammlung-des-vdwf-e-v\/"]}]},{"@type":"BreadcrumbList","@id":"https:\/\/newsroom.gindumac.com\/de\/gindumac-auf-der-jahreshauptversammlung-des-vdwf-e-v\/#breadcrumb","itemListElement":[{"@type":"ListItem","position":1,"name":"Home","item":"https:\/\/newsroom.gindumac.com\/de\/"},{"@type":"ListItem","position":2,"name":"GINDUMAC auf der Jahreshauptversammlung des VDWF e.V."}]},{"@type":"WebSite","@id":"https:\/\/newsroom.gindumac.com\/#website","url":"https:\/\/newsroom.gindumac.com\/","name":"The GINDUMAC Newsroom","description":"Used Machinery News &amp; Stories","potentialAction":[{"@type":"SearchAction","target":{"@type":"EntryPoint","urlTemplate":"https:\/\/newsroom.gindumac.com\/?s={search_term_string}"},"query-input":"required name=search_term_string"}],"inLanguage":"de"},{"@type":"Person","@id":"https:\/\/newsroom.gindumac.com\/#\/schema\/person\/00f05ee0504897b1f4c4c07d96104ff0","name":"Benedikt Ruf","image":{"@type":"ImageObject","inLanguage":"de","@id":"https:\/\/newsroom.gindumac.com\/#\/schema\/person\/image\/","url":"https:\/\/secure.gravatar.com\/avatar\/e00a1bf650869f5eaa285aeea8763ab2?s=96&d=mm&r=g","contentUrl":"https:\/\/secure.gravatar.com\/avatar\/e00a1bf650869f5eaa285aeea8763ab2?s=96&d=mm&r=g","caption":"Benedikt Ruf"},"url":"https:\/\/newsroom.gindumac.com\/de\/author\/b-rufgindumac-com\/"}]}},"_links":{"self":[{"href":"https:\/\/newsroom.gindumac.com\/de\/wp-json\/wp\/v2\/posts\/219845"}],"collection":[{"href":"https:\/\/newsroom.gindumac.com\/de\/wp-json\/wp\/v2\/posts"}],"about":[{"href":"https:\/\/newsroom.gindumac.com\/de\/wp-json\/wp\/v2\/types\/post"}],"author":[{"embeddable":true,"href":"https:\/\/newsroom.gindumac.com\/de\/wp-json\/wp\/v2\/users\/4"}],"replies":[{"embeddable":true,"href":"https:\/\/newsroom.gindumac.com\/de\/wp-json\/wp\/v2\/comments?post=219845"}],"version-history":[{"count":14,"href":"https:\/\/newsroom.gindumac.com\/de\/wp-json\/wp\/v2\/posts\/219845\/revisions"}],"predecessor-version":[{"id":224712,"href":"https:\/\/newsroom.gindumac.com\/de\/wp-json\/wp\/v2\/posts\/219845\/revisions\/224712"}],"wp:featuredmedia":[{"embeddable":true,"href":"https:\/\/newsroom.gindumac.com\/de\/wp-json\/wp\/v2\/media\/224989"}],"wp:attachment":[{"href":"https:\/\/newsroom.gindumac.com\/de\/wp-json\/wp\/v2\/media?parent=219845"}],"wp:term":[{"taxonomy":"category","embeddable":true,"href":"https:\/\/newsroom.gindumac.com\/de\/wp-json\/wp\/v2\/categories?post=219845"},{"taxonomy":"post_tag","embeddable":true,"href":"https:\/\/newsroom.gindumac.com\/de\/wp-json\/wp\/v2\/tags?post=219845"}],"curies":[{"name":"wp","href":"https:\/\/api.w.org\/{rel}","templated":true}]}}